{"id":12473,"date":"2014-04-08T09:45:23","date_gmt":"2014-04-08T09:45:23","guid":{"rendered":"https:\/\/www.vsacomunicacion.com\/polaroid-en-plaza-catalunya\/"},"modified":"2014-04-08T09:45:23","modified_gmt":"2014-04-08T09:45:23","slug":"polaroid-en-plaza-catalunya","status":"publish","type":"post","link":"https:\/\/www.vsacomunicacion.com\/en\/polaroid-en-plaza-catalunya\/","title":{"rendered":"Polaroid en Plaza Catalunya"},"content":{"rendered":"<p>Las gafas de sol Polaroid es una marca ic\u00f3nica con una basta historia. Fabricante l\u00edder en \u00f3ptica, en fabricaci\u00f3n de lentes polarizadas de alta calidad y en distribuci\u00f3n de gafas de sol polarizadas, celebra nada menos que su 75 aniversario con una Lona de Gran Formato en Plaza Catalunya.<\/p>\n<p><a href=\"https:\/\/www.vsacomunicacion.com\/wp-content\/uploads\/2014\/05\/Plaza-Catalunya-Polaroid.jpg\" target=\"_blank\" rel=\"noopener\"><img fetchpriority=\"high\" decoding=\"async\" class=\"aligncenter size-full wp-image-400\" alt=\"Plaza Catalunya - Polaroid\" src=\"https:\/\/www.vsacomunicacion.com\/wp-content\/uploads\/2014\/05\/Plaza-Catalunya-Polaroid.jpg\" width=\"608\" height=\"406\" srcset=\"https:\/\/www.vsacomunicacion.com\/wp-content\/uploads\/2014\/05\/Plaza-Catalunya-Polaroid.jpg 608w, https:\/\/www.vsacomunicacion.com\/wp-content\/uploads\/2014\/05\/Plaza-Catalunya-Polaroid-300x200.jpg 300w\" sizes=\"(max-width: 608px) 100vw, 608px\" \/><\/a><\/p>\n","protected":false},"excerpt":{"rendered":"<p>Las gafas de sol Polaroid es una marca ic\u00f3nica con una basta historia. Fabricante l\u00edder en \u00f3ptica, en fabricaci\u00f3n de lentes polarizadas de alta calidad y en distribuci\u00f3n de gafas de sol polarizadas, celebra nada menos que su 75 aniversario [&hellip;]<\/p>\n","protected":false},"author":3,"featured_media":7056,"comment_status":"closed","ping_status":"closed","sticky":false,"template":"","format":"standard","meta":{"inline_featured_image":false,"footnotes":""},"categories":[1506,1488],"tags":[2445,2302,1579,1580,1581,2446],"class_list":["post-12473","post","type-post","status-publish","format-standard","has-post-thumbnail","hentry","category-barcelona-en","category-lonas-publicitarias-en","tag-gafas-de-sol-en","tag-gran-impacto-en","tag-lona-gran-formato-en","tag-lona-publicitaria-en","tag-lonas-publicitarias-barcelona-en","tag-polaroid-en"],"_links":{"self":[{"href":"https:\/\/www.vsacomunicacion.com\/en\/wp-json\/wp\/v2\/posts\/12473"}],"collection":[{"href":"https:\/\/www.vsacomunicacion.com\/en\/wp-json\/wp\/v2\/posts"}],"about":[{"href":"https:\/\/www.vsacomunicacion.com\/en\/wp-json\/wp\/v2\/types\/post"}],"author":[{"embeddable":true,"href":"https:\/\/www.vsacomunicacion.com\/en\/wp-json\/wp\/v2\/users\/3"}],"replies":[{"embeddable":true,"href":"https:\/\/www.vsacomunicacion.com\/en\/wp-json\/wp\/v2\/comments?post=12473"}],"version-history":[{"count":0,"href":"https:\/\/www.vsacomunicacion.com\/en\/wp-json\/wp\/v2\/posts\/12473\/revisions"}],"wp:featuredmedia":[{"embeddable":true,"href":"https:\/\/www.vsacomunicacion.com\/en\/wp-json\/wp\/v2\/media\/7056"}],"wp:attachment":[{"href":"https:\/\/www.vsacomunicacion.com\/en\/wp-json\/wp\/v2\/media?parent=12473"}],"wp:term":[{"taxonomy":"category","embeddable":true,"href":"https:\/\/www.vsacomunicacion.com\/en\/wp-json\/wp\/v2\/categories?post=12473"},{"taxonomy":"post_tag","embeddable":true,"href":"https:\/\/www.vsacomunicacion.com\/en\/wp-json\/wp\/v2\/tags?post=12473"}],"curies":[{"name":"wp","href":"https:\/\/api.w.org\/{rel}","templated":true}]}}