{"id":12478,"date":"2013-12-20T16:13:09","date_gmt":"2013-12-20T16:13:09","guid":{"rendered":"https:\/\/www.vsacomunicacion.com\/cirque-du-soleil-en-malaga\/"},"modified":"2013-12-20T16:13:09","modified_gmt":"2013-12-20T16:13:09","slug":"cirque-du-soleil-en-malaga","status":"publish","type":"post","link":"https:\/\/www.vsacomunicacion.com\/en\/cirque-du-soleil-en-malaga\/","title":{"rendered":"Cirque du Soleil en M\u00e1laga"},"content":{"rendered":"<p>Cirque du Soleil nos presenta su nuevo espect\u00e1culo Quidam en M\u00e1laga.<\/p>\n<p><a href=\"https:\/\/www.vsacomunicacion.com\/wp-content\/uploads\/2014\/02\/Orfila-25-Quidam-Malaga.jpg\" target=\"_blank\" rel=\"noopener\"><img fetchpriority=\"high\" decoding=\"async\" class=\"aligncenter size-full wp-image-341\" src=\"https:\/\/www.vsacomunicacion.com\/wp-content\/uploads\/2014\/02\/Orfila-25-Quidam-Malaga.jpg\" alt=\"Orfila, 25 - Quidam - Malaga\" width=\"608\" height=\"343\" srcset=\"https:\/\/www.vsacomunicacion.com\/wp-content\/uploads\/2014\/02\/Orfila-25-Quidam-Malaga.jpg 608w, https:\/\/www.vsacomunicacion.com\/wp-content\/uploads\/2014\/02\/Orfila-25-Quidam-Malaga-300x169.jpg 300w\" sizes=\"(max-width: 608px) 100vw, 608px\" \/><\/a><\/p>\n","protected":false},"excerpt":{"rendered":"<p>Cirque du Soleil nos presenta su nuevo espect\u00e1culo Quidam en M\u00e1laga.<\/p>\n","protected":false},"author":3,"featured_media":7046,"comment_status":"closed","ping_status":"closed","sticky":false,"template":"","format":"standard","meta":{"inline_featured_image":false,"footnotes":""},"categories":[1813,1593],"tags":[1816,1676,1973],"class_list":["post-12478","post","type-post","status-publish","format-standard","has-post-thumbnail","hentry","category-malaga-en","category-pyms-en","tag-malaga-en","tag-pyms-2-en","tag-pyms-malaga-en"],"_links":{"self":[{"href":"https:\/\/www.vsacomunicacion.com\/en\/wp-json\/wp\/v2\/posts\/12478"}],"collection":[{"href":"https:\/\/www.vsacomunicacion.com\/en\/wp-json\/wp\/v2\/posts"}],"about":[{"href":"https:\/\/www.vsacomunicacion.com\/en\/wp-json\/wp\/v2\/types\/post"}],"author":[{"embeddable":true,"href":"https:\/\/www.vsacomunicacion.com\/en\/wp-json\/wp\/v2\/users\/3"}],"replies":[{"embeddable":true,"href":"https:\/\/www.vsacomunicacion.com\/en\/wp-json\/wp\/v2\/comments?post=12478"}],"version-history":[{"count":0,"href":"https:\/\/www.vsacomunicacion.com\/en\/wp-json\/wp\/v2\/posts\/12478\/revisions"}],"wp:featuredmedia":[{"embeddable":true,"href":"https:\/\/www.vsacomunicacion.com\/en\/wp-json\/wp\/v2\/media\/7046"}],"wp:attachment":[{"href":"https:\/\/www.vsacomunicacion.com\/en\/wp-json\/wp\/v2\/media?parent=12478"}],"wp:term":[{"taxonomy":"category","embeddable":true,"href":"https:\/\/www.vsacomunicacion.com\/en\/wp-json\/wp\/v2\/categories?post=12478"},{"taxonomy":"post_tag","embeddable":true,"href":"https:\/\/www.vsacomunicacion.com\/en\/wp-json\/wp\/v2\/tags?post=12478"}],"curies":[{"name":"wp","href":"https:\/\/api.w.org\/{rel}","templated":true}]}}