{"id":12480,"date":"2013-12-13T12:16:40","date_gmt":"2013-12-13T12:16:40","guid":{"rendered":"https:\/\/www.vsacomunicacion.com\/movistar-en-plena-gran-via-de-madrid-compartida-la-vida-es-mas\/"},"modified":"2013-12-13T12:16:40","modified_gmt":"2013-12-13T12:16:40","slug":"movistar-en-plena-gran-via-de-madrid-compartida-la-vida-es-mas","status":"publish","type":"post","link":"https:\/\/www.vsacomunicacion.com\/en\/movistar-en-plena-gran-via-de-madrid-compartida-la-vida-es-mas\/","title":{"rendered":"Movistar, en plena Gran V\u00eda de Madrid. Compartida, la vida es m\u00e1s."},"content":{"rendered":"<p>Movistar nos anuncia su S\u00faper Regalazo para estas Navidades en la Gran V\u00eda de Madrid. Movistar TV con m\u00e1s 80 canales para disfrutar en casa.<\/p>\n<p><a href=\"https:\/\/www.vsacomunicacion.com\/wp-content\/uploads\/2013\/12\/Gran-Via-13-MOVISTAR.jpg\" target=\"_blank\" rel=\"noopener\"><img fetchpriority=\"high\" decoding=\"async\" class=\"aligncenter size-full wp-image-325\" alt=\"Gran Via 13 - MOVISTAR\" src=\"https:\/\/www.vsacomunicacion.com\/wp-content\/uploads\/2013\/12\/Gran-Via-13-MOVISTAR.jpg\" width=\"608\" height=\"440\" srcset=\"https:\/\/www.vsacomunicacion.com\/wp-content\/uploads\/2013\/12\/Gran-Via-13-MOVISTAR.jpg 608w, https:\/\/www.vsacomunicacion.com\/wp-content\/uploads\/2013\/12\/Gran-Via-13-MOVISTAR-300x217.jpg 300w\" sizes=\"(max-width: 608px) 100vw, 608px\" \/><\/a><\/p>\n","protected":false},"excerpt":{"rendered":"<p>Movistar nos anuncia su S\u00faper Regalazo para estas Navidades en la Gran V\u00eda de Madrid. Movistar TV con m\u00e1s 80 canales para disfrutar en casa.<\/p>\n","protected":false},"author":3,"featured_media":7042,"comment_status":"closed","ping_status":"closed","sticky":false,"template":"","format":"standard","meta":{"inline_featured_image":false,"footnotes":""},"categories":[1488,1489],"tags":[1611],"class_list":["post-12480","post","type-post","status-publish","format-standard","has-post-thumbnail","hentry","category-lonas-publicitarias-en","category-madrid-en","tag-lonas-publicitarias-madrid-en"],"_links":{"self":[{"href":"https:\/\/www.vsacomunicacion.com\/en\/wp-json\/wp\/v2\/posts\/12480"}],"collection":[{"href":"https:\/\/www.vsacomunicacion.com\/en\/wp-json\/wp\/v2\/posts"}],"about":[{"href":"https:\/\/www.vsacomunicacion.com\/en\/wp-json\/wp\/v2\/types\/post"}],"author":[{"embeddable":true,"href":"https:\/\/www.vsacomunicacion.com\/en\/wp-json\/wp\/v2\/users\/3"}],"replies":[{"embeddable":true,"href":"https:\/\/www.vsacomunicacion.com\/en\/wp-json\/wp\/v2\/comments?post=12480"}],"version-history":[{"count":0,"href":"https:\/\/www.vsacomunicacion.com\/en\/wp-json\/wp\/v2\/posts\/12480\/revisions"}],"wp:featuredmedia":[{"embeddable":true,"href":"https:\/\/www.vsacomunicacion.com\/en\/wp-json\/wp\/v2\/media\/7042"}],"wp:attachment":[{"href":"https:\/\/www.vsacomunicacion.com\/en\/wp-json\/wp\/v2\/media?parent=12480"}],"wp:term":[{"taxonomy":"category","embeddable":true,"href":"https:\/\/www.vsacomunicacion.com\/en\/wp-json\/wp\/v2\/categories?post=12480"},{"taxonomy":"post_tag","embeddable":true,"href":"https:\/\/www.vsacomunicacion.com\/en\/wp-json\/wp\/v2\/tags?post=12480"}],"curies":[{"name":"wp","href":"https:\/\/api.w.org\/{rel}","templated":true}]}}