{"id":12481,"date":"2013-12-13T12:00:56","date_gmt":"2013-12-13T12:00:56","guid":{"rendered":"https:\/\/www.vsacomunicacion.com\/en-el-corazon-de-madrid-frente-a-la-plaza-mayor-teka-hydroclean\/"},"modified":"2013-12-13T12:00:56","modified_gmt":"2013-12-13T12:00:56","slug":"en-el-corazon-de-madrid-frente-a-la-plaza-mayor-teka-hydroclean","status":"publish","type":"post","link":"https:\/\/www.vsacomunicacion.com\/en\/en-el-corazon-de-madrid-frente-a-la-plaza-mayor-teka-hydroclean\/","title":{"rendered":"En el coraz\u00f3n de Madrid, frente a la Plaza Mayor Teka Hydroclean"},"content":{"rendered":"<p><strong>Teka<\/strong> presenta la tecnolog\u00eda m\u00e1s avanzada del mercado, con su nuevo sistema <strong>HYDROCLEAN<\/strong>. El \u00fanico horno\u00a0que, gracias al esmalte especial que lleva en las bandejas, se limpia al vapor, de una forma 100% natural y\u00a0<em id=\"__mceDel\">eficiente en tan s\u00f3lo 24 minutos.<\/em><\/p>\n<p><a href=\"https:\/\/www.vsacomunicacion.com\/wp-content\/uploads\/2013\/12\/Plaza-Comandante-de-las-Morenas-5-TEKA.jpg\" target=\"_blank\" rel=\"noopener\"><img fetchpriority=\"high\" decoding=\"async\" class=\"aligncenter size-full wp-image-320\" alt=\"Plaza Comandante de las Morenas, 5 TEKA\" src=\"https:\/\/www.vsacomunicacion.com\/wp-content\/uploads\/2013\/12\/Plaza-Comandante-de-las-Morenas-5-TEKA.jpg\" width=\"608\" height=\"408\" srcset=\"https:\/\/www.vsacomunicacion.com\/wp-content\/uploads\/2013\/12\/Plaza-Comandante-de-las-Morenas-5-TEKA.jpg 608w, https:\/\/www.vsacomunicacion.com\/wp-content\/uploads\/2013\/12\/Plaza-Comandante-de-las-Morenas-5-TEKA-300x201.jpg 300w\" sizes=\"(max-width: 608px) 100vw, 608px\" \/><\/a><\/p>\n","protected":false},"excerpt":{"rendered":"<p>Teka presenta la tecnolog\u00eda m\u00e1s avanzada del mercado, con su nuevo sistema HYDROCLEAN. El \u00fanico horno\u00a0que, gracias al esmalte especial que lleva en las bandejas, se limpia al vapor, de una forma 100% natural y\u00a0eficiente en tan s\u00f3lo 24 minutos.<\/p>\n","protected":false},"author":3,"featured_media":7041,"comment_status":"closed","ping_status":"closed","sticky":false,"template":"","format":"standard","meta":{"inline_featured_image":false,"footnotes":""},"categories":[1488,1489],"tags":[1705,1609,1611,1499],"class_list":["post-12481","post","type-post","status-publish","format-standard","has-post-thumbnail","hentry","category-lonas-publicitarias-en","category-madrid-en","tag-centro-ciudad-en","tag-lonas-publicitarias-2-en","tag-lonas-publicitarias-madrid-en","tag-madrid-en"],"_links":{"self":[{"href":"https:\/\/www.vsacomunicacion.com\/en\/wp-json\/wp\/v2\/posts\/12481"}],"collection":[{"href":"https:\/\/www.vsacomunicacion.com\/en\/wp-json\/wp\/v2\/posts"}],"about":[{"href":"https:\/\/www.vsacomunicacion.com\/en\/wp-json\/wp\/v2\/types\/post"}],"author":[{"embeddable":true,"href":"https:\/\/www.vsacomunicacion.com\/en\/wp-json\/wp\/v2\/users\/3"}],"replies":[{"embeddable":true,"href":"https:\/\/www.vsacomunicacion.com\/en\/wp-json\/wp\/v2\/comments?post=12481"}],"version-history":[{"count":0,"href":"https:\/\/www.vsacomunicacion.com\/en\/wp-json\/wp\/v2\/posts\/12481\/revisions"}],"wp:featuredmedia":[{"embeddable":true,"href":"https:\/\/www.vsacomunicacion.com\/en\/wp-json\/wp\/v2\/media\/7041"}],"wp:attachment":[{"href":"https:\/\/www.vsacomunicacion.com\/en\/wp-json\/wp\/v2\/media?parent=12481"}],"wp:term":[{"taxonomy":"category","embeddable":true,"href":"https:\/\/www.vsacomunicacion.com\/en\/wp-json\/wp\/v2\/categories?post=12481"},{"taxonomy":"post_tag","embeddable":true,"href":"https:\/\/www.vsacomunicacion.com\/en\/wp-json\/wp\/v2\/tags?post=12481"}],"curies":[{"name":"wp","href":"https:\/\/api.w.org\/{rel}","templated":true}]}}