{"id":12486,"date":"2013-11-04T10:00:00","date_gmt":"2013-11-04T10:00:00","guid":{"rendered":"https:\/\/www.vsacomunicacion.com\/arcade-fire-formara-parte-del-festival-primavera-sound-de-barcelona\/"},"modified":"2013-11-04T10:00:00","modified_gmt":"2013-11-04T10:00:00","slug":"arcade-fire-formara-parte-del-festival-primavera-sound-de-barcelona","status":"publish","type":"post","link":"https:\/\/www.vsacomunicacion.com\/en\/arcade-fire-formara-parte-del-festival-primavera-sound-de-barcelona\/","title":{"rendered":"Arcade Fire formar\u00e1 parte del festival Primavera Sound de Barcelona"},"content":{"rendered":"<p>Gracias a la lona que aparec\u00eda bien temprano en <strong>Portal del Angel<\/strong> de <strong>Barcelona<\/strong> todas las redes sociales y medios de comunicaci\u00f3n anunciaban a gritos que los canadienses <strong>Arcade Fire<\/strong>\u00a0formar\u00e1n parte del cartel del festival<strong> Primavera Sound de Barcelona<\/strong> con un concierto que supondr\u00e1 su \u00fanica aparici\u00f3n en territorio espa\u00f1ol durante el pr\u00f3ximo a\u00f1o.<strong><br \/>\n<\/strong><a href=\"https:\/\/www.vsacomunicacion.com\/wp-content\/uploads\/2013\/11\/PRIMAVERA-SOUND-PORTAL-nit-001.jpg\" target=\"_blank\" rel=\"noopener\"><img fetchpriority=\"high\" decoding=\"async\" class=\"aligncenter size-full wp-image-300\" alt=\"Primavera Sound - Portal del Angel\" src=\"https:\/\/www.vsacomunicacion.com\/wp-content\/uploads\/2013\/11\/PRIMAVERA-SOUND-PORTAL-nit-001.jpg\" width=\"608\" height=\"406\" srcset=\"https:\/\/www.vsacomunicacion.com\/wp-content\/uploads\/2013\/11\/PRIMAVERA-SOUND-PORTAL-nit-001.jpg 608w, https:\/\/www.vsacomunicacion.com\/wp-content\/uploads\/2013\/11\/PRIMAVERA-SOUND-PORTAL-nit-001-300x200.jpg 300w\" sizes=\"(max-width: 608px) 100vw, 608px\" \/><\/a><\/p>\n","protected":false},"excerpt":{"rendered":"<p>Gracias a la lona que aparec\u00eda bien temprano en Portal del Angel de Barcelona todas las redes sociales y medios de comunicaci\u00f3n anunciaban a gritos que los canadienses Arcade Fire\u00a0formar\u00e1n parte del cartel del festival Primavera Sound de Barcelona con [&hellip;]<\/p>\n","protected":false},"author":3,"featured_media":7038,"comment_status":"closed","ping_status":"closed","sticky":false,"template":"","format":"standard","meta":{"inline_featured_image":false,"footnotes":""},"categories":[1506,1488],"tags":[1581],"class_list":["post-12486","post","type-post","status-publish","format-standard","has-post-thumbnail","hentry","category-barcelona-en","category-lonas-publicitarias-en","tag-lonas-publicitarias-barcelona-en"],"_links":{"self":[{"href":"https:\/\/www.vsacomunicacion.com\/en\/wp-json\/wp\/v2\/posts\/12486"}],"collection":[{"href":"https:\/\/www.vsacomunicacion.com\/en\/wp-json\/wp\/v2\/posts"}],"about":[{"href":"https:\/\/www.vsacomunicacion.com\/en\/wp-json\/wp\/v2\/types\/post"}],"author":[{"embeddable":true,"href":"https:\/\/www.vsacomunicacion.com\/en\/wp-json\/wp\/v2\/users\/3"}],"replies":[{"embeddable":true,"href":"https:\/\/www.vsacomunicacion.com\/en\/wp-json\/wp\/v2\/comments?post=12486"}],"version-history":[{"count":0,"href":"https:\/\/www.vsacomunicacion.com\/en\/wp-json\/wp\/v2\/posts\/12486\/revisions"}],"wp:featuredmedia":[{"embeddable":true,"href":"https:\/\/www.vsacomunicacion.com\/en\/wp-json\/wp\/v2\/media\/7038"}],"wp:attachment":[{"href":"https:\/\/www.vsacomunicacion.com\/en\/wp-json\/wp\/v2\/media?parent=12486"}],"wp:term":[{"taxonomy":"category","embeddable":true,"href":"https:\/\/www.vsacomunicacion.com\/en\/wp-json\/wp\/v2\/categories?post=12486"},{"taxonomy":"post_tag","embeddable":true,"href":"https:\/\/www.vsacomunicacion.com\/en\/wp-json\/wp\/v2\/tags?post=12486"}],"curies":[{"name":"wp","href":"https:\/\/api.w.org\/{rel}","templated":true}]}}