{"id":12488,"date":"2013-10-18T12:40:59","date_gmt":"2013-10-18T12:40:59","guid":{"rendered":"https:\/\/www.vsacomunicacion.com\/el-avion-de-hamilton-en-el-centre-comercial-illa-de-andorra\/"},"modified":"2013-10-18T12:40:59","modified_gmt":"2013-10-18T12:40:59","slug":"el-avion-de-hamilton-en-el-centre-comercial-illa-de-andorra","status":"publish","type":"post","link":"https:\/\/www.vsacomunicacion.com\/en\/el-avion-de-hamilton-en-el-centre-comercial-illa-de-andorra\/","title":{"rendered":"El avi\u00f3n de Hamilton en el Centre Comercial Illa de Andorra."},"content":{"rendered":"<p>De la mano de Verona Comunicaci\u00f3 el avi\u00f3n de Hamilton con m\u00e1s de 4m. de largo y 180 kg. de peso sobrevuela en el Centre Comercial Illa de Andorra.<\/p>\n<p><a href=\"https:\/\/www.vsacomunicacion.com\/wp-content\/uploads\/2013\/11\/Hamilton-03-10.1.jpg\" target=\"_blank\" rel=\"noopener\"><img fetchpriority=\"high\" decoding=\"async\" class=\"aligncenter size-full wp-image-288\" alt=\"Avion Hamilton - Andorra\" src=\"https:\/\/www.vsacomunicacion.com\/wp-content\/uploads\/2013\/11\/Hamilton-03-10.1.jpg\" width=\"608\" height=\"456\" srcset=\"https:\/\/www.vsacomunicacion.com\/wp-content\/uploads\/2013\/11\/Hamilton-03-10.1.jpg 608w, https:\/\/www.vsacomunicacion.com\/wp-content\/uploads\/2013\/11\/Hamilton-03-10.1-300x225.jpg 300w\" sizes=\"(max-width: 608px) 100vw, 608px\" \/><\/a><\/p>\n","protected":false},"excerpt":{"rendered":"<p>De la mano de Verona Comunicaci\u00f3 el avi\u00f3n de Hamilton con m\u00e1s de 4m. de largo y 180 kg. de peso sobrevuela en el Centre Comercial Illa de Andorra.<\/p>\n","protected":false},"author":3,"featured_media":7036,"comment_status":"closed","ping_status":"closed","sticky":false,"template":"","format":"standard","meta":{"inline_featured_image":false,"footnotes":""},"categories":[1543,2162],"tags":[1763,2451,2395],"class_list":["post-12488","post","type-post","status-publish","format-standard","has-post-thumbnail","hentry","category-andorra-en","category-proyectos-especiales-en","tag-andorra-en","tag-hamilton-en","tag-proyectos-especiales-andorra-en"],"_links":{"self":[{"href":"https:\/\/www.vsacomunicacion.com\/en\/wp-json\/wp\/v2\/posts\/12488"}],"collection":[{"href":"https:\/\/www.vsacomunicacion.com\/en\/wp-json\/wp\/v2\/posts"}],"about":[{"href":"https:\/\/www.vsacomunicacion.com\/en\/wp-json\/wp\/v2\/types\/post"}],"author":[{"embeddable":true,"href":"https:\/\/www.vsacomunicacion.com\/en\/wp-json\/wp\/v2\/users\/3"}],"replies":[{"embeddable":true,"href":"https:\/\/www.vsacomunicacion.com\/en\/wp-json\/wp\/v2\/comments?post=12488"}],"version-history":[{"count":0,"href":"https:\/\/www.vsacomunicacion.com\/en\/wp-json\/wp\/v2\/posts\/12488\/revisions"}],"wp:featuredmedia":[{"embeddable":true,"href":"https:\/\/www.vsacomunicacion.com\/en\/wp-json\/wp\/v2\/media\/7036"}],"wp:attachment":[{"href":"https:\/\/www.vsacomunicacion.com\/en\/wp-json\/wp\/v2\/media?parent=12488"}],"wp:term":[{"taxonomy":"category","embeddable":true,"href":"https:\/\/www.vsacomunicacion.com\/en\/wp-json\/wp\/v2\/categories?post=12488"},{"taxonomy":"post_tag","embeddable":true,"href":"https:\/\/www.vsacomunicacion.com\/en\/wp-json\/wp\/v2\/tags?post=12488"}],"curies":[{"name":"wp","href":"https:\/\/api.w.org\/{rel}","templated":true}]}}