{"id":12489,"date":"2013-10-11T12:41:45","date_gmt":"2013-10-11T12:41:45","guid":{"rendered":"https:\/\/www.vsacomunicacion.com\/plaza-cataluna-8-se-estrena-con-ermenegildo-zegna\/"},"modified":"2013-10-11T12:41:45","modified_gmt":"2013-10-11T12:41:45","slug":"plaza-cataluna-8-se-estrena-con-ermenegildo-zegna","status":"publish","type":"post","link":"https:\/\/www.vsacomunicacion.com\/en\/plaza-cataluna-8-se-estrena-con-ermenegildo-zegna\/","title":{"rendered":"Plaza Catalu\u00f1a 8 se estrena con Ermenegildo Zegna"},"content":{"rendered":"<p>Espectacular Lona de Gran Formato. 700 m\u00b2 ocupan la fachada de Plaza Catalu\u00f1a 8 con Ermenegildo Zegna.<\/p>\n<p>La firma de moda italiana elige su tienda de la capital catalana para conmemorar los 50 a\u00f1os de su llegada a Espa\u00f1a.<\/p>\n<p>Tras pasar por la boutique de Paseo de Gracia, los invitados pudieron disfrutar de una &#8216;post-party&#8217; en la Fundaci\u00f3n Antoni T\u00e0pies.<\/p>\n<p><a href=\"https:\/\/www.vsacomunicacion.com\/wp-content\/uploads\/2013\/10\/Ermenegildo-Zegna-Pl-Catalunya-8-BARCELONA.jpg\" target=\"_blank\" rel=\"noopener\"><img fetchpriority=\"high\" decoding=\"async\" class=\"aligncenter size-full wp-image-263\" alt=\"Ermenegildo Zegna Pl Catalunya 8 BARCELONA\" src=\"https:\/\/www.vsacomunicacion.com\/wp-content\/uploads\/2013\/10\/Ermenegildo-Zegna-Pl-Catalunya-8-BARCELONA.jpg\" width=\"608\" height=\"406\" srcset=\"https:\/\/www.vsacomunicacion.com\/wp-content\/uploads\/2013\/10\/Ermenegildo-Zegna-Pl-Catalunya-8-BARCELONA.jpg 608w, https:\/\/www.vsacomunicacion.com\/wp-content\/uploads\/2013\/10\/Ermenegildo-Zegna-Pl-Catalunya-8-BARCELONA-300x200.jpg 300w\" sizes=\"(max-width: 608px) 100vw, 608px\" \/><\/a><\/p>\n","protected":false},"excerpt":{"rendered":"<p>Espectacular Lona de Gran Formato. 700 m\u00b2 ocupan la fachada de Plaza Catalu\u00f1a 8 con Ermenegildo Zegna. La firma de moda italiana elige su tienda de la capital catalana para conmemorar los 50 a\u00f1os de su llegada a Espa\u00f1a. Tras [&hellip;]<\/p>\n","protected":false},"author":3,"featured_media":7034,"comment_status":"closed","ping_status":"closed","sticky":false,"template":"","format":"standard","meta":{"inline_featured_image":false,"footnotes":""},"categories":[1506,1488],"tags":[1516,1705,1708,1694,1581,1565],"class_list":["post-12489","post","type-post","status-publish","format-standard","has-post-thumbnail","hentry","category-barcelona-en","category-lonas-publicitarias-en","tag-barcelona-en","tag-centro-ciudad-en","tag-formato-espectacular-en","tag-gran-notoriedad-en","tag-lonas-publicitarias-barcelona-en","tag-publicidad-ciudades-en"],"_links":{"self":[{"href":"https:\/\/www.vsacomunicacion.com\/en\/wp-json\/wp\/v2\/posts\/12489"}],"collection":[{"href":"https:\/\/www.vsacomunicacion.com\/en\/wp-json\/wp\/v2\/posts"}],"about":[{"href":"https:\/\/www.vsacomunicacion.com\/en\/wp-json\/wp\/v2\/types\/post"}],"author":[{"embeddable":true,"href":"https:\/\/www.vsacomunicacion.com\/en\/wp-json\/wp\/v2\/users\/3"}],"replies":[{"embeddable":true,"href":"https:\/\/www.vsacomunicacion.com\/en\/wp-json\/wp\/v2\/comments?post=12489"}],"version-history":[{"count":0,"href":"https:\/\/www.vsacomunicacion.com\/en\/wp-json\/wp\/v2\/posts\/12489\/revisions"}],"wp:featuredmedia":[{"embeddable":true,"href":"https:\/\/www.vsacomunicacion.com\/en\/wp-json\/wp\/v2\/media\/7034"}],"wp:attachment":[{"href":"https:\/\/www.vsacomunicacion.com\/en\/wp-json\/wp\/v2\/media?parent=12489"}],"wp:term":[{"taxonomy":"category","embeddable":true,"href":"https:\/\/www.vsacomunicacion.com\/en\/wp-json\/wp\/v2\/categories?post=12489"},{"taxonomy":"post_tag","embeddable":true,"href":"https:\/\/www.vsacomunicacion.com\/en\/wp-json\/wp\/v2\/tags?post=12489"}],"curies":[{"name":"wp","href":"https:\/\/api.w.org\/{rel}","templated":true}]}}