{"id":12491,"date":"2013-10-08T10:10:24","date_gmt":"2013-10-08T10:10:24","guid":{"rendered":"https:\/\/www.vsacomunicacion.com\/nike-en-la-gran-via-de-madrid\/"},"modified":"2013-10-08T10:10:24","modified_gmt":"2013-10-08T10:10:24","slug":"nike-en-la-gran-via-de-madrid","status":"publish","type":"post","link":"https:\/\/www.vsacomunicacion.com\/en\/nike-en-la-gran-via-de-madrid\/","title":{"rendered":"Nike en la Gran V\u00eda de Madrid"},"content":{"rendered":"<p>Nike Tech Pack, dise\u00f1ado a la medida de los mejores deportistas. Nike una vez m\u00e1s cuenta con VSA COMUNICACION y elije uno de los emplazamientos m\u00e1s c\u00e9ntricos de Madrid, Gran V\u00eda 7.<\/p>\n<p><a href=\"https:\/\/www.vsacomunicacion.com\/wp-content\/uploads\/2013\/10\/Nike-Gran-Via-7-MADRID.jpg\" target=\"_blank\" rel=\"noopener\"><img fetchpriority=\"high\" decoding=\"async\" class=\"aligncenter size-full wp-image-260\" alt=\"Nike Gran Via 7 MADRID\" src=\"https:\/\/www.vsacomunicacion.com\/wp-content\/uploads\/2013\/10\/Nike-Gran-Via-7-MADRID.jpg\" width=\"608\" height=\"418\" srcset=\"https:\/\/www.vsacomunicacion.com\/wp-content\/uploads\/2013\/10\/Nike-Gran-Via-7-MADRID.jpg 608w, https:\/\/www.vsacomunicacion.com\/wp-content\/uploads\/2013\/10\/Nike-Gran-Via-7-MADRID-300x206.jpg 300w\" sizes=\"(max-width: 608px) 100vw, 608px\" \/><\/a><\/p>\n","protected":false},"excerpt":{"rendered":"<p>Nike Tech Pack, dise\u00f1ado a la medida de los mejores deportistas. Nike una vez m\u00e1s cuenta con VSA COMUNICACION y elije uno de los emplazamientos m\u00e1s c\u00e9ntricos de Madrid, Gran V\u00eda 7.<\/p>\n","protected":false},"author":3,"featured_media":7032,"comment_status":"closed","ping_status":"closed","sticky":false,"template":"","format":"standard","meta":{"inline_featured_image":false,"footnotes":""},"categories":[1488,1489],"tags":[1705,1609,1611,1499],"class_list":["post-12491","post","type-post","status-publish","format-standard","has-post-thumbnail","hentry","category-lonas-publicitarias-en","category-madrid-en","tag-centro-ciudad-en","tag-lonas-publicitarias-2-en","tag-lonas-publicitarias-madrid-en","tag-madrid-en"],"_links":{"self":[{"href":"https:\/\/www.vsacomunicacion.com\/en\/wp-json\/wp\/v2\/posts\/12491"}],"collection":[{"href":"https:\/\/www.vsacomunicacion.com\/en\/wp-json\/wp\/v2\/posts"}],"about":[{"href":"https:\/\/www.vsacomunicacion.com\/en\/wp-json\/wp\/v2\/types\/post"}],"author":[{"embeddable":true,"href":"https:\/\/www.vsacomunicacion.com\/en\/wp-json\/wp\/v2\/users\/3"}],"replies":[{"embeddable":true,"href":"https:\/\/www.vsacomunicacion.com\/en\/wp-json\/wp\/v2\/comments?post=12491"}],"version-history":[{"count":0,"href":"https:\/\/www.vsacomunicacion.com\/en\/wp-json\/wp\/v2\/posts\/12491\/revisions"}],"wp:featuredmedia":[{"embeddable":true,"href":"https:\/\/www.vsacomunicacion.com\/en\/wp-json\/wp\/v2\/media\/7032"}],"wp:attachment":[{"href":"https:\/\/www.vsacomunicacion.com\/en\/wp-json\/wp\/v2\/media?parent=12491"}],"wp:term":[{"taxonomy":"category","embeddable":true,"href":"https:\/\/www.vsacomunicacion.com\/en\/wp-json\/wp\/v2\/categories?post=12491"},{"taxonomy":"post_tag","embeddable":true,"href":"https:\/\/www.vsacomunicacion.com\/en\/wp-json\/wp\/v2\/tags?post=12491"}],"curies":[{"name":"wp","href":"https:\/\/api.w.org\/{rel}","templated":true}]}}