{"id":12493,"date":"2013-09-25T12:02:46","date_gmt":"2013-09-25T12:02:46","guid":{"rendered":"https:\/\/www.vsacomunicacion.com\/todas-las-series-con-movistar\/"},"modified":"2013-09-25T12:02:46","modified_gmt":"2013-09-25T12:02:46","slug":"todas-las-series-con-movistar","status":"publish","type":"post","link":"https:\/\/www.vsacomunicacion.com\/en\/todas-las-series-con-movistar\/","title":{"rendered":"Todas las series con Movistar"},"content":{"rendered":"<p>D\u00e9jate atrapar por las mejores series, as\u00ed nos lo anuncia Movistar en una Lona de Gran Formato en Gran V\u00eda 13 de Madrid.<\/p>\n<p><a href=\"https:\/\/www.vsacomunicacion.com\/wp-content\/uploads\/2013\/10\/Movistar-Gran-Via-13-MADRID1.jpg\" target=\"_blank\" rel=\"noopener\"><img fetchpriority=\"high\" decoding=\"async\" class=\"aligncenter size-full wp-image-259\" alt=\"Movistar Gran Via 13 MADRID\" src=\"https:\/\/www.vsacomunicacion.com\/wp-content\/uploads\/2013\/10\/Movistar-Gran-Via-13-MADRID1.jpg\" width=\"608\" height=\"408\" srcset=\"https:\/\/www.vsacomunicacion.com\/wp-content\/uploads\/2013\/10\/Movistar-Gran-Via-13-MADRID1.jpg 608w, https:\/\/www.vsacomunicacion.com\/wp-content\/uploads\/2013\/10\/Movistar-Gran-Via-13-MADRID1-300x201.jpg 300w\" sizes=\"(max-width: 608px) 100vw, 608px\" \/><\/a><\/p>\n","protected":false},"excerpt":{"rendered":"<p>D\u00e9jate atrapar por las mejores series, as\u00ed nos lo anuncia Movistar en una Lona de Gran Formato en Gran V\u00eda 13 de Madrid.<\/p>\n","protected":false},"author":3,"featured_media":7031,"comment_status":"closed","ping_status":"closed","sticky":false,"template":"","format":"standard","meta":{"inline_featured_image":false,"footnotes":""},"categories":[1488,1489],"tags":[1708,1693,1619,1609,1611,1499,1671],"class_list":["post-12493","post","type-post","status-publish","format-standard","has-post-thumbnail","hentry","category-lonas-publicitarias-en","category-madrid-en","tag-formato-espectacular-en","tag-gran-formato-en","tag-gran-via-en","tag-lonas-publicitarias-2-en","tag-lonas-publicitarias-madrid-en","tag-madrid-en","tag-trafico-rodado-en"],"_links":{"self":[{"href":"https:\/\/www.vsacomunicacion.com\/en\/wp-json\/wp\/v2\/posts\/12493"}],"collection":[{"href":"https:\/\/www.vsacomunicacion.com\/en\/wp-json\/wp\/v2\/posts"}],"about":[{"href":"https:\/\/www.vsacomunicacion.com\/en\/wp-json\/wp\/v2\/types\/post"}],"author":[{"embeddable":true,"href":"https:\/\/www.vsacomunicacion.com\/en\/wp-json\/wp\/v2\/users\/3"}],"replies":[{"embeddable":true,"href":"https:\/\/www.vsacomunicacion.com\/en\/wp-json\/wp\/v2\/comments?post=12493"}],"version-history":[{"count":0,"href":"https:\/\/www.vsacomunicacion.com\/en\/wp-json\/wp\/v2\/posts\/12493\/revisions"}],"wp:featuredmedia":[{"embeddable":true,"href":"https:\/\/www.vsacomunicacion.com\/en\/wp-json\/wp\/v2\/media\/7031"}],"wp:attachment":[{"href":"https:\/\/www.vsacomunicacion.com\/en\/wp-json\/wp\/v2\/media?parent=12493"}],"wp:term":[{"taxonomy":"category","embeddable":true,"href":"https:\/\/www.vsacomunicacion.com\/en\/wp-json\/wp\/v2\/categories?post=12493"},{"taxonomy":"post_tag","embeddable":true,"href":"https:\/\/www.vsacomunicacion.com\/en\/wp-json\/wp\/v2\/tags?post=12493"}],"curies":[{"name":"wp","href":"https:\/\/api.w.org\/{rel}","templated":true}]}}