{"id":12494,"date":"2013-09-19T16:30:49","date_gmt":"2013-09-19T16:30:49","guid":{"rendered":"https:\/\/www.vsacomunicacion.com\/samsung-sigue-en-av-america-2-madrid\/"},"modified":"2013-09-19T16:30:49","modified_gmt":"2013-09-19T16:30:49","slug":"samsung-sigue-en-av-america-2-madrid","status":"publish","type":"post","link":"https:\/\/www.vsacomunicacion.com\/en\/samsung-sigue-en-av-america-2-madrid\/","title":{"rendered":"Samsung sigue en Av. Am\u00e9rica 2, Madrid."},"content":{"rendered":"<p>Samsung lanza al mercado una lavadora que m\u00e1s que una lavadora es una revoluci\u00f3n.<\/p>\n<p><a href=\"https:\/\/www.vsacomunicacion.com\/wp-content\/uploads\/2013\/10\/Samsung-Av-America-2-MADRID1.jpg\" target=\"_blank\" rel=\"noopener\"><img fetchpriority=\"high\" decoding=\"async\" class=\"aligncenter size-full wp-image-261\" alt=\"Samsung Av America 2 MADRID\" src=\"https:\/\/www.vsacomunicacion.com\/wp-content\/uploads\/2013\/10\/Samsung-Av-America-2-MADRID1.jpg\" width=\"608\" height=\"404\" srcset=\"https:\/\/www.vsacomunicacion.com\/wp-content\/uploads\/2013\/10\/Samsung-Av-America-2-MADRID1.jpg 608w, https:\/\/www.vsacomunicacion.com\/wp-content\/uploads\/2013\/10\/Samsung-Av-America-2-MADRID1-300x199.jpg 300w\" sizes=\"(max-width: 608px) 100vw, 608px\" \/><\/a><\/p>\n","protected":false},"excerpt":{"rendered":"<p>Samsung lanza al mercado una lavadora que m\u00e1s que una lavadora es una revoluci\u00f3n.<\/p>\n","protected":false},"author":3,"featured_media":7033,"comment_status":"closed","ping_status":"closed","sticky":false,"template":"","format":"standard","meta":{"inline_featured_image":false,"footnotes":""},"categories":[1488,1489],"tags":[1701,1579,1611,1499,1600,1671],"class_list":["post-12494","post","type-post","status-publish","format-standard","has-post-thumbnail","hentry","category-lonas-publicitarias-en","category-madrid-en","tag-espectacular-en","tag-lona-gran-formato-en","tag-lonas-publicitarias-madrid-en","tag-madrid-en","tag-samsung-en","tag-trafico-rodado-en"],"_links":{"self":[{"href":"https:\/\/www.vsacomunicacion.com\/en\/wp-json\/wp\/v2\/posts\/12494"}],"collection":[{"href":"https:\/\/www.vsacomunicacion.com\/en\/wp-json\/wp\/v2\/posts"}],"about":[{"href":"https:\/\/www.vsacomunicacion.com\/en\/wp-json\/wp\/v2\/types\/post"}],"author":[{"embeddable":true,"href":"https:\/\/www.vsacomunicacion.com\/en\/wp-json\/wp\/v2\/users\/3"}],"replies":[{"embeddable":true,"href":"https:\/\/www.vsacomunicacion.com\/en\/wp-json\/wp\/v2\/comments?post=12494"}],"version-history":[{"count":0,"href":"https:\/\/www.vsacomunicacion.com\/en\/wp-json\/wp\/v2\/posts\/12494\/revisions"}],"wp:featuredmedia":[{"embeddable":true,"href":"https:\/\/www.vsacomunicacion.com\/en\/wp-json\/wp\/v2\/media\/7033"}],"wp:attachment":[{"href":"https:\/\/www.vsacomunicacion.com\/en\/wp-json\/wp\/v2\/media?parent=12494"}],"wp:term":[{"taxonomy":"category","embeddable":true,"href":"https:\/\/www.vsacomunicacion.com\/en\/wp-json\/wp\/v2\/categories?post=12494"},{"taxonomy":"post_tag","embeddable":true,"href":"https:\/\/www.vsacomunicacion.com\/en\/wp-json\/wp\/v2\/tags?post=12494"}],"curies":[{"name":"wp","href":"https:\/\/api.w.org\/{rel}","templated":true}]}}