{"id":12499,"date":"2013-07-29T14:49:26","date_gmt":"2013-07-29T14:49:26","guid":{"rendered":"https:\/\/www.vsacomunicacion.com\/barcelona-y-madrid-ya-son-4g\/"},"modified":"2013-07-29T14:49:26","modified_gmt":"2013-07-29T14:49:26","slug":"barcelona-y-madrid-ya-son-4g","status":"publish","type":"post","link":"https:\/\/www.vsacomunicacion.com\/en\/barcelona-y-madrid-ya-son-4g\/","title":{"rendered":"Barcelona y Madrid ya son 4G"},"content":{"rendered":"<p>Impulsa la velocidad de tu vida. Campa\u00f1a de Vodafone en Madrid d\u00f3nde podemos ver una lona de gran formato en plena Gran V\u00eda anunciando que Madrid ya es 4G. Paralelamente en Barcelona la misma campa\u00f1a anunciando el 4G en Rambla Catalunya 16. Ambos emplazamientos espectaculares.<\/p>\n<p style=\"text-align: center;\"><a href=\"https:\/\/www.vsacomunicacion.com\/wp-content\/uploads\/2013\/07\/Vodafone-Gran-Via-13-Madrid.jpg\" target=\"_blank\" rel=\"noopener\"><img fetchpriority=\"high\" decoding=\"async\" class=\"aligncenter size-full wp-image-196\" alt=\"Vodafone-Gran-Via-13-Madrid\" src=\"https:\/\/www.vsacomunicacion.com\/wp-content\/uploads\/2013\/07\/Vodafone-Gran-Via-13-Madrid.jpg\" width=\"608\" height=\"398\" srcset=\"https:\/\/www.vsacomunicacion.com\/wp-content\/uploads\/2013\/07\/Vodafone-Gran-Via-13-Madrid.jpg 608w, https:\/\/www.vsacomunicacion.com\/wp-content\/uploads\/2013\/07\/Vodafone-Gran-Via-13-Madrid-300x196.jpg 300w\" sizes=\"(max-width: 608px) 100vw, 608px\" \/><\/a><\/p>\n<p style=\"text-align: center;\"><a href=\"https:\/\/www.vsacomunicacion.com\/wp-content\/uploads\/2013\/07\/Vodafone-Rambla-Catalunya-16-Barcelona.jpg\" target=\"_blank\" rel=\"noopener\"><img decoding=\"async\" class=\"aligncenter size-full wp-image-197\" alt=\"Vodafone-Rambla-Catalunya-16-Barcelona\" src=\"https:\/\/www.vsacomunicacion.com\/wp-content\/uploads\/2013\/07\/Vodafone-Rambla-Catalunya-16-Barcelona.jpg\" width=\"608\" height=\"406\" srcset=\"https:\/\/www.vsacomunicacion.com\/wp-content\/uploads\/2013\/07\/Vodafone-Rambla-Catalunya-16-Barcelona.jpg 608w, https:\/\/www.vsacomunicacion.com\/wp-content\/uploads\/2013\/07\/Vodafone-Rambla-Catalunya-16-Barcelona-300x200.jpg 300w\" sizes=\"(max-width: 608px) 100vw, 608px\" \/><\/a><\/p>\n","protected":false},"excerpt":{"rendered":"<p>Impulsa la velocidad de tu vida. Campa\u00f1a de Vodafone en Madrid d\u00f3nde podemos ver una lona de gran formato en plena Gran V\u00eda anunciando que Madrid ya es 4G. Paralelamente en Barcelona la misma campa\u00f1a anunciando el 4G en Rambla [&hellip;]<\/p>\n","protected":false},"author":3,"featured_media":7019,"comment_status":"closed","ping_status":"closed","sticky":false,"template":"","format":"standard","meta":{"inline_featured_image":false,"footnotes":""},"categories":[1488],"tags":[2454,1708,1581,1611,1499,1938],"class_list":["post-12499","post","type-post","status-publish","format-standard","has-post-thumbnail","hentry","category-lonas-publicitarias-en","tag-4g-en","tag-formato-espectacular-en","tag-lonas-publicitarias-barcelona-en","tag-lonas-publicitarias-madrid-en","tag-madrid-en","tag-vodafone-en"],"_links":{"self":[{"href":"https:\/\/www.vsacomunicacion.com\/en\/wp-json\/wp\/v2\/posts\/12499"}],"collection":[{"href":"https:\/\/www.vsacomunicacion.com\/en\/wp-json\/wp\/v2\/posts"}],"about":[{"href":"https:\/\/www.vsacomunicacion.com\/en\/wp-json\/wp\/v2\/types\/post"}],"author":[{"embeddable":true,"href":"https:\/\/www.vsacomunicacion.com\/en\/wp-json\/wp\/v2\/users\/3"}],"replies":[{"embeddable":true,"href":"https:\/\/www.vsacomunicacion.com\/en\/wp-json\/wp\/v2\/comments?post=12499"}],"version-history":[{"count":0,"href":"https:\/\/www.vsacomunicacion.com\/en\/wp-json\/wp\/v2\/posts\/12499\/revisions"}],"wp:featuredmedia":[{"embeddable":true,"href":"https:\/\/www.vsacomunicacion.com\/en\/wp-json\/wp\/v2\/media\/7019"}],"wp:attachment":[{"href":"https:\/\/www.vsacomunicacion.com\/en\/wp-json\/wp\/v2\/media?parent=12499"}],"wp:term":[{"taxonomy":"category","embeddable":true,"href":"https:\/\/www.vsacomunicacion.com\/en\/wp-json\/wp\/v2\/categories?post=12499"},{"taxonomy":"post_tag","embeddable":true,"href":"https:\/\/www.vsacomunicacion.com\/en\/wp-json\/wp\/v2\/tags?post=12499"}],"curies":[{"name":"wp","href":"https:\/\/api.w.org\/{rel}","templated":true}]}}