{"id":12501,"date":"2013-05-04T09:00:46","date_gmt":"2013-05-04T09:00:46","guid":{"rendered":"https:\/\/www.vsacomunicacion.com\/campana-bon-vol-bonna-connexio-bon-negoci-de-lufthansa-en-av-puerta-del-angel-26-barcelona\/"},"modified":"2013-05-04T09:00:46","modified_gmt":"2013-05-04T09:00:46","slug":"campana-bon-vol-bonna-connexio-bon-negoci-de-lufthansa-en-av-puerta-del-angel-26-barcelona","status":"publish","type":"post","link":"https:\/\/www.vsacomunicacion.com\/en\/campana-bon-vol-bonna-connexio-bon-negoci-de-lufthansa-en-av-puerta-del-angel-26-barcelona\/","title":{"rendered":"Campa\u00f1a &#8220;Bon vol, Bonna connexi\u00f3, Bon negoci&#8221; de Lufthansa en Av. Puerta del \u00c1ngel 26, Barcelona"},"content":{"rendered":"<p>Vuela con Lufthansa a m\u00e1s de 200 destinos en todo el mundo. En el mes de mayo se instala una lona de gran formato en una de las calles m\u00e1s comerciales de Barcelona,\u00a0Av. Puerta del \u00c1ngel 26.<\/p>\n<p><a href=\"https:\/\/www.vsacomunicacion.com\/wp-content\/uploads\/2013\/07\/LUFTHANSA-001.jpg\" target=\"_blank\" rel=\"noopener\"><img fetchpriority=\"high\" decoding=\"async\" class=\"aligncenter size-full wp-image-162\" alt=\"Av. Puerta del \u00c1ngel 26 - Lufthansa \" src=\"https:\/\/www.vsacomunicacion.com\/wp-content\/uploads\/2013\/07\/LUFTHANSA-001.jpg\" width=\"608\" height=\"406\" srcset=\"https:\/\/www.vsacomunicacion.com\/wp-content\/uploads\/2013\/07\/LUFTHANSA-001.jpg 608w, https:\/\/www.vsacomunicacion.com\/wp-content\/uploads\/2013\/07\/LUFTHANSA-001-300x200.jpg 300w\" sizes=\"(max-width: 608px) 100vw, 608px\" \/><\/a><\/p>\n","protected":false},"excerpt":{"rendered":"<p>Vuela con Lufthansa a m\u00e1s de 200 destinos en todo el mundo. En el mes de mayo se instala una lona de gran formato en una de las calles m\u00e1s comerciales de Barcelona,\u00a0Av. Puerta del \u00c1ngel 26.<\/p>\n","protected":false},"author":3,"featured_media":7013,"comment_status":"closed","ping_status":"closed","sticky":false,"template":"","format":"standard","meta":{"inline_featured_image":false,"footnotes":""},"categories":[1488],"tags":[1516,1693,1609,1581],"class_list":["post-12501","post","type-post","status-publish","format-standard","has-post-thumbnail","hentry","category-lonas-publicitarias-en","tag-barcelona-en","tag-gran-formato-en","tag-lonas-publicitarias-2-en","tag-lonas-publicitarias-barcelona-en"],"_links":{"self":[{"href":"https:\/\/www.vsacomunicacion.com\/en\/wp-json\/wp\/v2\/posts\/12501"}],"collection":[{"href":"https:\/\/www.vsacomunicacion.com\/en\/wp-json\/wp\/v2\/posts"}],"about":[{"href":"https:\/\/www.vsacomunicacion.com\/en\/wp-json\/wp\/v2\/types\/post"}],"author":[{"embeddable":true,"href":"https:\/\/www.vsacomunicacion.com\/en\/wp-json\/wp\/v2\/users\/3"}],"replies":[{"embeddable":true,"href":"https:\/\/www.vsacomunicacion.com\/en\/wp-json\/wp\/v2\/comments?post=12501"}],"version-history":[{"count":0,"href":"https:\/\/www.vsacomunicacion.com\/en\/wp-json\/wp\/v2\/posts\/12501\/revisions"}],"wp:featuredmedia":[{"embeddable":true,"href":"https:\/\/www.vsacomunicacion.com\/en\/wp-json\/wp\/v2\/media\/7013"}],"wp:attachment":[{"href":"https:\/\/www.vsacomunicacion.com\/en\/wp-json\/wp\/v2\/media?parent=12501"}],"wp:term":[{"taxonomy":"category","embeddable":true,"href":"https:\/\/www.vsacomunicacion.com\/en\/wp-json\/wp\/v2\/categories?post=12501"},{"taxonomy":"post_tag","embeddable":true,"href":"https:\/\/www.vsacomunicacion.com\/en\/wp-json\/wp\/v2\/tags?post=12501"}],"curies":[{"name":"wp","href":"https:\/\/api.w.org\/{rel}","templated":true}]}}