{"id":12502,"date":"2013-05-01T12:23:32","date_gmt":"2013-05-01T12:23:32","guid":{"rendered":"https:\/\/www.vsacomunicacion.com\/campana-la-passio-es-el-que-ens-mou-a-tots\/"},"modified":"2013-05-01T12:23:32","modified_gmt":"2013-05-01T12:23:32","slug":"campana-la-passio-es-el-que-ens-mou-a-tots","status":"publish","type":"post","link":"https:\/\/www.vsacomunicacion.com\/en\/campana-la-passio-es-el-que-ens-mou-a-tots\/","title":{"rendered":"Campa\u00f1a &#8220;La passi\u00f3 \u00e9s el que ens mou a tots&#8221;"},"content":{"rendered":"<p style=\"text-align: left;\">Campa\u00f1a mayo y junio en Barcelona de Qatar Foundation, &#8220;La passi\u00f3 \u00e9s el que ens mou a tots&#8221;\u00a0en dos de los mejores emplazamientos de Barcelona: Pza. Francesc Maci\u00e0 5 y Rbla. Catalunya 16.<\/p>\n<p style=\"text-align: center;\"><a href=\"https:\/\/www.vsacomunicacion.com\/wp-content\/uploads\/2013\/07\/vsa2_final.png\" target=\"_blank\" rel=\"noopener\"><img fetchpriority=\"high\" decoding=\"async\" class=\"aligncenter size-full wp-image-150\" alt=\"Lona Qatar Foundation - Rambla Catalunya 16 - Barcelona\" src=\"https:\/\/www.vsacomunicacion.com\/wp-content\/uploads\/2013\/07\/vsa2_final.png\" width=\"608\" height=\"406\" srcset=\"https:\/\/www.vsacomunicacion.com\/wp-content\/uploads\/2013\/07\/vsa2_final.png 608w, https:\/\/www.vsacomunicacion.com\/wp-content\/uploads\/2013\/07\/vsa2_final-300x200.png 300w\" sizes=\"(max-width: 608px) 100vw, 608px\" \/><\/a><\/p>\n<p style=\"text-align: left;\"><!--more--><\/p>\n<p style=\"text-align: center;\"><a href=\"https:\/\/www.vsacomunicacion.com\/wp-content\/uploads\/2013\/07\/vsa1_final.png\" target=\"_blank\" rel=\"noopener\"><img decoding=\"async\" class=\"aligncenter size-full wp-image-146\" alt=\"Lona Qatar Foundation - Pza. Francesc Maci\u00e0 5 - Barcelona\" src=\"https:\/\/www.vsacomunicacion.com\/wp-content\/uploads\/2013\/07\/vsa1_final.png\" width=\"608\" height=\"406\" srcset=\"https:\/\/www.vsacomunicacion.com\/wp-content\/uploads\/2013\/07\/vsa1_final.png 608w, https:\/\/www.vsacomunicacion.com\/wp-content\/uploads\/2013\/07\/vsa1_final-300x200.png 300w\" sizes=\"(max-width: 608px) 100vw, 608px\" \/><\/a><\/p>\n","protected":false},"excerpt":{"rendered":"<p>Campa\u00f1a mayo y junio en Barcelona de Qatar Foundation, &#8220;La passi\u00f3 \u00e9s el que ens mou a tots&#8221;\u00a0en dos de los mejores emplazamientos de Barcelona: Pza. Francesc Maci\u00e0 5 y Rbla. Catalunya 16.<\/p>\n","protected":false},"author":3,"featured_media":7011,"comment_status":"closed","ping_status":"closed","sticky":false,"template":"","format":"standard","meta":{"inline_featured_image":false,"footnotes":""},"categories":[1488],"tags":[1516,1609,1581,2455],"class_list":["post-12502","post","type-post","status-publish","format-standard","has-post-thumbnail","hentry","category-lonas-publicitarias-en","tag-barcelona-en","tag-lonas-publicitarias-2-en","tag-lonas-publicitarias-barcelona-en","tag-qatar-foundation-en"],"_links":{"self":[{"href":"https:\/\/www.vsacomunicacion.com\/en\/wp-json\/wp\/v2\/posts\/12502"}],"collection":[{"href":"https:\/\/www.vsacomunicacion.com\/en\/wp-json\/wp\/v2\/posts"}],"about":[{"href":"https:\/\/www.vsacomunicacion.com\/en\/wp-json\/wp\/v2\/types\/post"}],"author":[{"embeddable":true,"href":"https:\/\/www.vsacomunicacion.com\/en\/wp-json\/wp\/v2\/users\/3"}],"replies":[{"embeddable":true,"href":"https:\/\/www.vsacomunicacion.com\/en\/wp-json\/wp\/v2\/comments?post=12502"}],"version-history":[{"count":0,"href":"https:\/\/www.vsacomunicacion.com\/en\/wp-json\/wp\/v2\/posts\/12502\/revisions"}],"wp:featuredmedia":[{"embeddable":true,"href":"https:\/\/www.vsacomunicacion.com\/en\/wp-json\/wp\/v2\/media\/7011"}],"wp:attachment":[{"href":"https:\/\/www.vsacomunicacion.com\/en\/wp-json\/wp\/v2\/media?parent=12502"}],"wp:term":[{"taxonomy":"category","embeddable":true,"href":"https:\/\/www.vsacomunicacion.com\/en\/wp-json\/wp\/v2\/categories?post=12502"},{"taxonomy":"post_tag","embeddable":true,"href":"https:\/\/www.vsacomunicacion.com\/en\/wp-json\/wp\/v2\/tags?post=12502"}],"curies":[{"name":"wp","href":"https:\/\/api.w.org\/{rel}","templated":true}]}}