{"id":12511,"date":"2011-12-01T11:37:33","date_gmt":"2011-12-01T11:37:33","guid":{"rendered":"https:\/\/www.vsacomunicacion.com\/remodelacion-del-emblematico-buho-de-barcelona\/"},"modified":"2011-12-01T11:37:33","modified_gmt":"2011-12-01T11:37:33","slug":"remodelacion-del-emblematico-buho-de-barcelona","status":"publish","type":"post","link":"https:\/\/www.vsacomunicacion.com\/en\/remodelacion-del-emblematico-buho-de-barcelona\/","title":{"rendered":"Remodelaci\u00f3n del emblem\u00e1tico BUHO de Barcelona"},"content":{"rendered":"<p style=\"text-align: justify;\">El emblem\u00e1tico<strong> BUHO<\/strong> de la Avenida Diagonal con Paseo San Juan de Barcelona es un referente hist\u00f3rico de los r\u00f3tulos luminosos de los 70.<\/p>\n<p style=\"text-align: justify;\"><a href=\"https:\/\/www.vsacomunicacion.com\/wp-content\/uploads\/2016\/02\/rotulo-luminoso-neon-buho-barcelona-panoramica-vsa-comunicacion.jpg\" rel=\"attachment wp-att-2503\"><img fetchpriority=\"high\" decoding=\"async\" class=\"aligncenter size-full wp-image-2503\" src=\"https:\/\/www.vsacomunicacion.com\/wp-content\/uploads\/2016\/02\/rotulo-luminoso-neon-buho-barcelona-panoramica-vsa-comunicacion.jpg\" alt=\"rotulo-luminoso-neon-buho-barcelona-panoramica-vsa-comunicacion\" width=\"4000\" height=\"2646\" \/><\/a><br \/>\nDurante d\u00e9cadas permaneci\u00f3 el BUHO de \u201cR\u00f2tuls Roura\u201d en la coronaci\u00f3n del edificio convirti\u00e9ndose en un icono y reclamo de la ciudad condal.<\/p>\n<p style=\"text-align: justify;\"><a href=\"https:\/\/www.vsacomunicacion.com\/wp-content\/uploads\/2011\/12\/rotulo-luminoso-neon-buho-barcelona-cerca-vsa-comunicacion.jpg\" rel=\"attachment wp-att-2506\"><img decoding=\"async\" class=\"aligncenter size-full wp-image-2506\" src=\"https:\/\/www.vsacomunicacion.com\/wp-content\/uploads\/2011\/12\/rotulo-luminoso-neon-buho-barcelona-cerca-vsa-comunicacion.jpg\" alt=\"rotulo-luminoso-neon-buho-barcelona-cerca-vsa-comunicacion\" width=\"4000\" height=\"2662\" \/><\/a><\/p>\n<p style=\"text-align: justify;\">En 2004 se aprueba una Ordenanza que ordena desmontar el r\u00f3tulo pero, gracias a lo que simboliza el BUHO para la ciudad, el <strong>Ayuntamiento de Barcelona<\/strong> y <strong>VSA COMUNICACI\u00d3N<\/strong> llegaron a un acuerdo en el que VSA COMUNICACI\u00d3N asume la remodelaci\u00f3n del emblem\u00e1tico BUHO de Barcelona, as\u00ed como su mantenimiento, durante 10 a\u00f1os.<\/p>\n<p style=\"text-align: justify;\"><a href=\"https:\/\/www.vsacomunicacion.com\/wp-content\/uploads\/2016\/02\/rotulo-luminoso-neon-buho-barcelona-montaje-vsa-comunicacion.jpg\" rel=\"attachment wp-att-2504\"><img decoding=\"async\" class=\"aligncenter size-full wp-image-2504\" src=\"https:\/\/www.vsacomunicacion.com\/wp-content\/uploads\/2016\/02\/rotulo-luminoso-neon-buho-barcelona-montaje-vsa-comunicacion.jpg\" alt=\"rotulo-luminoso-neon-buho-barcelona-montaje-vsa-comunicacion\" width=\"1600\" height=\"1200\" srcset=\"https:\/\/www.vsacomunicacion.com\/wp-content\/uploads\/2016\/02\/rotulo-luminoso-neon-buho-barcelona-montaje-vsa-comunicacion.jpg 1600w, https:\/\/www.vsacomunicacion.com\/wp-content\/uploads\/2016\/02\/rotulo-luminoso-neon-buho-barcelona-montaje-vsa-comunicacion-300x225.jpg 300w, https:\/\/www.vsacomunicacion.com\/wp-content\/uploads\/2016\/02\/rotulo-luminoso-neon-buho-barcelona-montaje-vsa-comunicacion-1024x768.jpg 1024w, https:\/\/www.vsacomunicacion.com\/wp-content\/uploads\/2016\/02\/rotulo-luminoso-neon-buho-barcelona-montaje-vsa-comunicacion-768x576.jpg 768w, https:\/\/www.vsacomunicacion.com\/wp-content\/uploads\/2016\/02\/rotulo-luminoso-neon-buho-barcelona-montaje-vsa-comunicacion-1536x1152.jpg 1536w\" sizes=\"(max-width: 1600px) 100vw, 1600px\" \/><\/a><\/p>\n<p style=\"text-align: justify;\">El\u00a0acuerdo ha sido publicado tanto en la web del <a href=\"http:\/\/w110.bcn.cat\/portal\/site\/PaisatgeUrba\/menuitem.20e9b782bcb33aa433433343a2ef8a0c\/?vgnextoid=99c0957b8d6b3310VgnVCM10000074fea8c0RCRD\" target=\"_blank\" rel=\"noopener\">Ayuntamiento de Barcelona<\/a>\u00a0como en medios de prensa tales como\u00a0<a href=\"http:\/\/www.lavanguardia.com\/local\/barcelona\/20111118\/54238291591\/el-rotulo-del-buho-que-preside-la-confluencia-de-diagonal-y-paseo-sant-joan-volvera-a-brillar.html\" target=\"_blank\" rel=\"noopener\">La Vanguardia<\/a>\u00a0y <a href=\"http:\/\/www.europapress.es\/catalunya\/noticia-rotulo-buho-preside-confluencia-diagonal-paseo-sant-joan-volvera-brillar-20111118132858.html\" target=\"_blank\" rel=\"noopener\">Europa Press<\/a>\u00a0entre otros.<\/p>\n","protected":false},"excerpt":{"rendered":"<p>El emblem\u00e1tico BUHO de la Avenida Diagonal con Paseo San Juan de Barcelona es un referente hist\u00f3rico de los r\u00f3tulos luminosos de los 70. Durante d\u00e9cadas permaneci\u00f3 el BUHO de \u201cR\u00f2tuls Roura\u201d en la coronaci\u00f3n del edificio convirti\u00e9ndose en un [&hellip;]<\/p>\n","protected":false},"author":3,"featured_media":7236,"comment_status":"open","ping_status":"open","sticky":false,"template":"","format":"standard","meta":{"inline_featured_image":false,"footnotes":""},"categories":[1506,2162,1550],"tags":[1516,2462,2260,2236,1565,1585,1586,1776,1926],"class_list":["post-12511","post","type-post","status-publish","format-standard","has-post-thumbnail","hentry","category-barcelona-en","category-proyectos-especiales-en","category-rotulos-luminosos-en","tag-barcelona-en","tag-buho-en","tag-proyecto-especial-en","tag-proyectos-especiales-barcelona-en","tag-publicidad-ciudades-en","tag-publicidad-exterior-en","tag-publicidad-urbana-en","tag-rotulos-luminosos-2-en","tag-rotulos-luminosos-barcelona-en"],"_links":{"self":[{"href":"https:\/\/www.vsacomunicacion.com\/en\/wp-json\/wp\/v2\/posts\/12511"}],"collection":[{"href":"https:\/\/www.vsacomunicacion.com\/en\/wp-json\/wp\/v2\/posts"}],"about":[{"href":"https:\/\/www.vsacomunicacion.com\/en\/wp-json\/wp\/v2\/types\/post"}],"author":[{"embeddable":true,"href":"https:\/\/www.vsacomunicacion.com\/en\/wp-json\/wp\/v2\/users\/3"}],"replies":[{"embeddable":true,"href":"https:\/\/www.vsacomunicacion.com\/en\/wp-json\/wp\/v2\/comments?post=12511"}],"version-history":[{"count":0,"href":"https:\/\/www.vsacomunicacion.com\/en\/wp-json\/wp\/v2\/posts\/12511\/revisions"}],"wp:featuredmedia":[{"embeddable":true,"href":"https:\/\/www.vsacomunicacion.com\/en\/wp-json\/wp\/v2\/media\/7236"}],"wp:attachment":[{"href":"https:\/\/www.vsacomunicacion.com\/en\/wp-json\/wp\/v2\/media?parent=12511"}],"wp:term":[{"taxonomy":"category","embeddable":true,"href":"https:\/\/www.vsacomunicacion.com\/en\/wp-json\/wp\/v2\/categories?post=12511"},{"taxonomy":"post_tag","embeddable":true,"href":"https:\/\/www.vsacomunicacion.com\/en\/wp-json\/wp\/v2\/tags?post=12511"}],"curies":[{"name":"wp","href":"https:\/\/api.w.org\/{rel}","templated":true}]}}