{"id":13242,"date":"2023-03-21T16:35:59","date_gmt":"2023-03-21T15:35:59","guid":{"rendered":"https:\/\/www.vsacomunicacion.com\/?p=13242"},"modified":"2024-07-26T12:16:35","modified_gmt":"2024-07-26T10:16:35","slug":"caser-seguros-ha-lanzado-una-campana-de-publicidad-con-garbine-muguruza-como-protagonista","status":"publish","type":"post","link":"https:\/\/www.vsacomunicacion.com\/en\/caser-seguros-ha-lanzado-una-campana-de-publicidad-con-garbine-muguruza-como-protagonista\/","title":{"rendered":"Caser Seguros ha lanzado una campa\u00f1a de publicidad con Garbi\u00f1e Muguruza como protagonista."},"content":{"rendered":"\n<p><strong><a href=\"https:\/\/www.caser.es\/\" target=\"_blank\" rel=\"noopener\">Caser Seguros<\/a><\/strong> ha lanzado una campa\u00f1a de publicidad con Garbi\u00f1e Muguruza como protagonista.<br><br>El claim es \u201cEn Caser trabajamos para que tu vida sea m\u00e1s f\u00e1cil\u201d, la tenista refleja los valores que comparten las personas que trabajan en la aseguradora y sus clientes: sencillez, capacidad de superaci\u00f3n y responsabilidad.<\/p>\n\n\n\n<p>En esta ocasi\u00f3n, la deportista espa\u00f1ola ha demostrado sus cualidades protectoras, cuidando de sus compa\u00f1eros de aperitivo y salv\u00e1ndoles de alg\u00fan que otro accidente.<\/p>\n\n\n\n<p>Desde su incorporaci\u00f3n, la tenista espa\u00f1ola,&nbsp;<strong>embajadora de Caser desde 2018<\/strong>, ha colaborado con la organizaci\u00f3n de distintas acciones enfocadas a incrementar la notoriedad de marca de la Compa\u00f1\u00eda. Para Caser, la vinculaci\u00f3n con Garbi\u00f1e Muguruza refleja los valores que comparten las personas que trabajan en la aseguradora y por eso llevan a\u00f1os colaborando.<\/p>\n\n\n\n<figure class=\"wp-block-image size-full\"><img fetchpriority=\"high\" decoding=\"async\" width=\"886\" height=\"547\" src=\"https:\/\/www.vsacomunicacion.com\/wp-content\/uploads\/2023\/03\/image-6.png\" alt=\"\" class=\"wp-image-13245\" srcset=\"https:\/\/www.vsacomunicacion.com\/wp-content\/uploads\/2023\/03\/image-6.png 886w, https:\/\/www.vsacomunicacion.com\/wp-content\/uploads\/2023\/03\/image-6-300x185.png 300w, https:\/\/www.vsacomunicacion.com\/wp-content\/uploads\/2023\/03\/image-6-768x474.png 768w\" sizes=\"(max-width: 886px) 100vw, 886px\" \/><figcaption class=\"wp-element-caption\">Garbi\u00f1e Murguruza<br>Garbi\u00f1e Murguruza<\/figcaption><\/figure>\n\n\n\n<p> <\/p>\n\n\n\n<p>En <a href=\"http:\/\/www.vsacomunicacion.com\/\">VSA<\/a> creemos que es un gran acierto contar con esta gran profesional del tenis como embajadora de la firma y nos ha gustado poder ayudar a potenciar la campa\u00f1a instalando una gran lona en Velazqu\u00e9z, 94 Madrid para llegar a todos los consumidores.<\/p>\n\n\n\n<p><br><a href=\"https:\/\/www.instagram.com\/explore\/tags\/samsung\/\" target=\"_blank\" rel=\"noopener\">#caser<\/a>&nbsp;<a href=\"https:\/\/www.instagram.com\/explore\/tags\/smartphone\/\" target=\"_blank\" rel=\"noopener\">#seguros<\/a>&nbsp;&nbsp;<a href=\"https:\/\/www.instagram.com\/explore\/tags\/madrid\/\" target=\"_blank\" rel=\"noopener\">#madrid<\/a>&nbsp;<a href=\"https:\/\/www.instagram.com\/explore\/tags\/lona\/\" target=\"_blank\" rel=\"noopener\">#lona<\/a>&nbsp;<a href=\"https:\/\/www.instagram.com\/explore\/tags\/lonapublicitaria\/\" target=\"_blank\" rel=\"noopener\">#lonapublicitaria<\/a>&nbsp;<a href=\"https:\/\/www.instagram.com\/explore\/tags\/ooh\/\" target=\"_blank\" rel=\"noopener\">#ooh<\/a>&nbsp;<a href=\"https:\/\/www.instagram.com\/explore\/tags\/streetmarketing\/\" target=\"_blank\" rel=\"noopener\">#streetmarketing<\/a>&nbsp;<a href=\"https:\/\/www.instagram.com\/explore\/tags\/vsa\/\" target=\"_blank\" rel=\"noopener\">#vsa<\/a>&nbsp;<a href=\"https:\/\/www.instagram.com\/explore\/tags\/vsacomunicacion\/\" target=\"_blank\" rel=\"noopener\">#vsacomunicacion<\/a>&nbsp;<a href=\"https:\/\/www.instagram.com\/explore\/tags\/gobig\/\" target=\"_blank\" rel=\"noopener\">#gobig<\/a> #garbinemurguruza #embajadora #tenis<\/p>\n\n\n\n<p><\/p>\n","protected":false},"excerpt":{"rendered":"<p>Caser Seguros ha lanzado una campa\u00f1a de publicidad con Garbi\u00f1e Muguruza como protagonista. El claim es \u201cEn Caser trabajamos para que tu vida sea m\u00e1s f\u00e1cil\u201d, la tenista refleja los valores que comparten las personas que trabajan en la aseguradora [&hellip;]<\/p>\n","protected":false},"author":3,"featured_media":13248,"comment_status":"open","ping_status":"open","sticky":false,"template":"","format":"standard","meta":{"inline_featured_image":false,"footnotes":""},"categories":[1423],"tags":[],"class_list":["post-13242","post","type-post","status-publish","format-standard","has-post-thumbnail","hentry","category-uncategorized"],"_links":{"self":[{"href":"https:\/\/www.vsacomunicacion.com\/en\/wp-json\/wp\/v2\/posts\/13242"}],"collection":[{"href":"https:\/\/www.vsacomunicacion.com\/en\/wp-json\/wp\/v2\/posts"}],"about":[{"href":"https:\/\/www.vsacomunicacion.com\/en\/wp-json\/wp\/v2\/types\/post"}],"author":[{"embeddable":true,"href":"https:\/\/www.vsacomunicacion.com\/en\/wp-json\/wp\/v2\/users\/3"}],"replies":[{"embeddable":true,"href":"https:\/\/www.vsacomunicacion.com\/en\/wp-json\/wp\/v2\/comments?post=13242"}],"version-history":[{"count":3,"href":"https:\/\/www.vsacomunicacion.com\/en\/wp-json\/wp\/v2\/posts\/13242\/revisions"}],"predecessor-version":[{"id":13990,"href":"https:\/\/www.vsacomunicacion.com\/en\/wp-json\/wp\/v2\/posts\/13242\/revisions\/13990"}],"wp:featuredmedia":[{"embeddable":true,"href":"https:\/\/www.vsacomunicacion.com\/en\/wp-json\/wp\/v2\/media\/13248"}],"wp:attachment":[{"href":"https:\/\/www.vsacomunicacion.com\/en\/wp-json\/wp\/v2\/media?parent=13242"}],"wp:term":[{"taxonomy":"category","embeddable":true,"href":"https:\/\/www.vsacomunicacion.com\/en\/wp-json\/wp\/v2\/categories?post=13242"},{"taxonomy":"post_tag","embeddable":true,"href":"https:\/\/www.vsacomunicacion.com\/en\/wp-json\/wp\/v2\/tags?post=13242"}],"curies":[{"name":"wp","href":"https:\/\/api.w.org\/{rel}","templated":true}]}}